{"id":14409,"date":"2025-06-23T09:56:27","date_gmt":"2025-06-23T09:56:27","guid":{"rendered":"https:\/\/knoll-balers.com\/?p=14409"},"modified":"2025-06-23T09:57:07","modified_gmt":"2025-06-23T09:57:07","slug":"lieferung-von-knoll-midifix-ii-an-joris-kuttschreuter","status":"publish","type":"post","link":"https:\/\/knoll-balers.com\/de\/lieferung-von-knoll-midifix-ii-an-joris-kuttschreuter\/","title":{"rendered":"Lieferung von KNOLL MidiFix II an Joris Kuttschreuter"},"content":{"rendered":"\t\t<div data-elementor-type=\"wp-post\" data-elementor-id=\"14409\" class=\"elementor elementor-14409 elementor-14238\" data-elementor-post-type=\"post\">\n\t\t\t\t\t\t<section class=\"elementor-section elementor-top-section elementor-element elementor-element-48a3b91e elementor-section-boxed elementor-section-height-default elementor-section-height-default\" data-id=\"48a3b91e\" data-element_type=\"section\" data-e-type=\"section\" data-settings=\"{&quot;jet_parallax_layout_list&quot;:[]}\">\n\t\t\t\t\t\t<div class=\"elementor-container elementor-column-gap-default\">\n\t\t\t\t\t<div class=\"elementor-column elementor-col-100 elementor-top-column elementor-element elementor-element-3d7dd548\" data-id=\"3d7dd548\" data-element_type=\"column\" data-e-type=\"column\">\n\t\t\t<div class=\"elementor-widget-wrap elementor-element-populated\">\n\t\t\t\t\t\t<div class=\"elementor-element elementor-element-71fbe0a0 elementor-widget elementor-widget-text-editor\" data-id=\"71fbe0a0\" data-element_type=\"widget\" data-e-type=\"widget\" data-widget_type=\"text-editor.default\">\n\t\t\t\t<div class=\"elementor-widget-container\">\n\t\t\t\t\t\t\t\t\t<h3>\u2705 Afgeleverd<\/h3><p>Vor kurzem durften wir diesen jungen gebrauchten \ud835\uddde\ud835\udde1\ud835\udde2\ud835\udddf\ud835\udddf \ud835\udde0\ud835\uddf6\ud835\uddf1\ud835\uddf6\ud835\uddd9\ud835\uddf6\ud835\ude05 \ud835\udddc\ud835\udddc an Joris Kuttschreuter von JK Fouragehandel &amp; Agr.dienstverlening aus Twello \u00fcbergeben.<\/p><p>F\u00fcr die \u00dcbergabe und Inbetriebnahme stand bei guten Bedingungen eine Rasenfl\u00e4che zur Verf\u00fcgung. Die Maschine ist optional mit einem Folienbindesystem und einer Trockenmasse-Messung ausgestattet. Damit kann Joris die Kunden in der Region Twello beim Pressen und Wickeln von Midiballen bedienen.<\/p><p>Wir danken Ihnen f\u00fcr Ihr Vertrauen und w\u00fcnschen Ihnen viel Erfolg!<\/p>\t\t\t\t\t\t\t\t<\/div>\n\t\t\t\t<\/div>\n\t\t\t\t\t<\/div>\n\t\t<\/div>\n\t\t\t\t\t<\/div>\n\t\t<\/section>\n\t\t\t\t<section class=\"elementor-section elementor-top-section elementor-element elementor-element-8c4a790 elementor-section-boxed elementor-section-height-default elementor-section-height-default\" data-id=\"8c4a790\" data-element_type=\"section\" data-e-type=\"section\" data-settings=\"{&quot;jet_parallax_layout_list&quot;:[]}\">\n\t\t\t\t\t\t<div class=\"elementor-container elementor-column-gap-default\">\n\t\t\t\t\t<div class=\"elementor-column elementor-col-100 elementor-top-column elementor-element elementor-element-c6d6ec8\" data-id=\"c6d6ec8\" data-element_type=\"column\" data-e-type=\"column\">\n\t\t\t<div class=\"elementor-widget-wrap elementor-element-populated\">\n\t\t\t\t\t\t<div class=\"elementor-element elementor-element-e86d15a elementor-arrows-position-inside elementor-pagination-position-outside elementor-widget elementor-widget-image-carousel\" data-id=\"e86d15a\" data-element_type=\"widget\" data-e-type=\"widget\" data-settings=\"{&quot;slides_to_show&quot;:&quot;2&quot;,&quot;image_spacing_custom&quot;:{&quot;unit&quot;:&quot;px&quot;,&quot;size&quot;:34,&quot;sizes&quot;:[]},&quot;navigation&quot;:&quot;both&quot;,&quot;autoplay&quot;:&quot;yes&quot;,&quot;pause_on_hover&quot;:&quot;yes&quot;,&quot;pause_on_interaction&quot;:&quot;yes&quot;,&quot;autoplay_speed&quot;:5000,&quot;infinite&quot;:&quot;yes&quot;,&quot;speed&quot;:500,&quot;image_spacing_custom_tablet&quot;:{&quot;unit&quot;:&quot;px&quot;,&quot;size&quot;:&quot;&quot;,&quot;sizes&quot;:[]},&quot;image_spacing_custom_mobile&quot;:{&quot;unit&quot;:&quot;px&quot;,&quot;size&quot;:&quot;&quot;,&quot;sizes&quot;:[]}}\" data-widget_type=\"image-carousel.default\">\n\t\t\t\t<div class=\"elementor-widget-container\">\n\t\t\t\t\t\t\t<div class=\"elementor-image-carousel-wrapper swiper\" role=\"region\" aria-roledescription=\"carousel\" aria-label=\"Bild Karussell\" dir=\"ltr\">\n\t\t\t<div class=\"elementor-image-carousel swiper-wrapper\" aria-live=\"off\">\n\t\t\t\t\t\t\t\t<div class=\"swiper-slide\" role=\"group\" aria-roledescription=\"slide\" aria-label=\"1 von 4\"><figure class=\"swiper-slide-inner\"><img decoding=\"async\" class=\"swiper-slide-image\" src=\"https:\/\/knoll-balers.com\/wp-content\/uploads\/2025\/05\/IMG-20250430-WA0001.jpg\" alt=\"IMG-20250430-WA0001\" \/><\/figure><\/div><div class=\"swiper-slide\" role=\"group\" aria-roledescription=\"slide\" aria-label=\"2 von 4\"><figure class=\"swiper-slide-inner\"><img decoding=\"async\" class=\"swiper-slide-image\" src=\"https:\/\/knoll-balers.com\/wp-content\/uploads\/2025\/05\/IMG-20250430-WA0002.jpg\" alt=\"IMG-20250430-WA0002\" \/><\/figure><\/div><div class=\"swiper-slide\" role=\"group\" aria-roledescription=\"slide\" aria-label=\"3 von 4\"><figure class=\"swiper-slide-inner\"><img decoding=\"async\" class=\"swiper-slide-image\" src=\"https:\/\/knoll-balers.com\/wp-content\/uploads\/2025\/05\/IMG-20250430-WA0003-1.jpg\" alt=\"IMG-20250430-WA0003\" \/><\/figure><\/div><div class=\"swiper-slide\" role=\"group\" aria-roledescription=\"slide\" aria-label=\"4 von 4\"><figure class=\"swiper-slide-inner\"><img decoding=\"async\" class=\"swiper-slide-image\" src=\"https:\/\/knoll-balers.com\/wp-content\/uploads\/2025\/05\/IMG-20250430-WA0004.jpg\" alt=\"IMG-20250430-WA0004\" \/><\/figure><\/div>\t\t\t<\/div>\n\t\t\t\t\t\t\t\t\t\t\t\t<div class=\"elementor-swiper-button elementor-swiper-button-prev\" role=\"button\" tabindex=\"0\">\n\t\t\t\t\t\t<i aria-hidden=\"true\" class=\"eicon-chevron-left\"><\/i>\t\t\t\t\t<\/div>\n\t\t\t\t\t<div class=\"elementor-swiper-button elementor-swiper-button-next\" role=\"button\" tabindex=\"0\">\n\t\t\t\t\t\t<i aria-hidden=\"true\" class=\"eicon-chevron-right\"><\/i>\t\t\t\t\t<\/div>\n\t\t\t\t\n\t\t\t\t\t\t\t\t\t<div class=\"swiper-pagination\"><\/div>\n\t\t\t\t\t\t\t\t\t<\/div>\n\t\t\t\t\t\t<\/div>\n\t\t\t\t<\/div>\n\t\t\t\t\t<\/div>\n\t\t<\/div>\n\t\t\t\t\t<\/div>\n\t\t<\/section>\n\t\t\t\t<\/div>\n\t\t","protected":false},"excerpt":{"rendered":"<p>\u2705 Afgeleverd Vor kurzem durften wir diesen jungen gebrauchten \ud835\uddde\ud835\udde1\ud835\udde2\ud835\udddf\ud835\udddf \ud835\udde0\ud835\uddf6\ud835\uddf1\ud835\uddf6\ud835\uddd9\ud835\uddf6\ud835\ude05 \ud835\udddc\ud835\udddc an Joris Kuttschreuter von JK Fouragehandel &amp; Agr.dienstverlening aus Twello \u00fcbergeben. F\u00fcr die \u00dcbergabe und Inbetriebnahme stand bei guten Bedingungen eine Rasenfl\u00e4che zur Verf\u00fcgung. Die Maschine ist optional mit einem Folienbindesystem und einer Trockenmasse-Messung ausgestattet. Damit kann Joris die Kunden in der Region [&hellip;]<\/p>\n","protected":false},"author":4,"featured_media":14245,"comment_status":"closed","ping_status":"closed","sticky":false,"template":"","format":"standard","meta":{"footnotes":""},"categories":[63],"tags":[],"class_list":["post-14409","post","type-post","status-publish","format-standard","has-post-thumbnail","hentry","category-nieuws-de"],"yoast_head":"<!-- This site is optimized with the Yoast SEO plugin v27.5 - https:\/\/yoast.com\/product\/yoast-seo-wordpress\/ -->\n<title>Lieferung von KNOLL MidiFix II an Joris Kuttschreuter - Knoll Balers &amp; Wrappers<\/title>\n<meta name=\"robots\" content=\"index, follow, max-snippet:-1, max-image-preview:large, max-video-preview:-1\" \/>\n<link rel=\"canonical\" href=\"https:\/\/knoll-balers.com\/de\/lieferung-von-knoll-midifix-ii-an-joris-kuttschreuter\/\" \/>\n<meta property=\"og:locale\" content=\"de_DE\" \/>\n<meta property=\"og:type\" content=\"article\" \/>\n<meta property=\"og:title\" content=\"Lieferung von KNOLL MidiFix II an Joris Kuttschreuter - Knoll Balers &amp; Wrappers\" \/>\n<meta property=\"og:description\" content=\"\u2705 Afgeleverd Vor kurzem durften wir diesen jungen gebrauchten \ud835\uddde\ud835\udde1\ud835\udde2\ud835\udddf\ud835\udddf \ud835\udde0\ud835\uddf6\ud835\uddf1\ud835\uddf6\ud835\uddd9\ud835\uddf6\ud835\ude05 \ud835\udddc\ud835\udddc an Joris Kuttschreuter von JK Fouragehandel &amp; Agr.dienstverlening aus Twello \u00fcbergeben. F\u00fcr die \u00dcbergabe und Inbetriebnahme stand bei guten Bedingungen eine Rasenfl\u00e4che zur Verf\u00fcgung. Die Maschine ist optional mit einem Folienbindesystem und einer Trockenmasse-Messung ausgestattet. Damit kann Joris die Kunden in der Region [&hellip;]\" \/>\n<meta property=\"og:url\" content=\"https:\/\/knoll-balers.com\/de\/lieferung-von-knoll-midifix-ii-an-joris-kuttschreuter\/\" \/>\n<meta property=\"og:site_name\" content=\"Knoll Balers &amp; Wrappers\" \/>\n<meta property=\"article:published_time\" content=\"2025-06-23T09:56:27+00:00\" \/>\n<meta property=\"article:modified_time\" content=\"2025-06-23T09:57:07+00:00\" \/>\n<meta property=\"og:image\" content=\"https:\/\/knoll-balers.com\/wp-content\/uploads\/2025\/05\/IMG-20250430-WA0003.jpg\" \/>\n\t<meta property=\"og:image:width\" content=\"2048\" \/>\n\t<meta property=\"og:image:height\" content=\"1536\" \/>\n\t<meta property=\"og:image:type\" content=\"image\/jpeg\" \/>\n<meta name=\"author\" content=\"Martin Compagner\" \/>\n<meta name=\"twitter:card\" content=\"summary_large_image\" \/>\n<meta name=\"twitter:label1\" content=\"Verfasst von\" \/>\n\t<meta name=\"twitter:data1\" content=\"Martin Compagner\" \/>\n\t<meta name=\"twitter:label2\" content=\"Gesch\u00e4tzte Lesezeit\" \/>\n\t<meta name=\"twitter:data2\" content=\"3\u00a0Minuten\" \/>\n<script type=\"application\/ld+json\" class=\"yoast-schema-graph\">{\"@context\":\"https:\\\/\\\/schema.org\",\"@graph\":[{\"@type\":\"Article\",\"@id\":\"https:\\\/\\\/knoll-balers.com\\\/de\\\/lieferung-von-knoll-midifix-ii-an-joris-kuttschreuter\\\/#article\",\"isPartOf\":{\"@id\":\"https:\\\/\\\/knoll-balers.com\\\/de\\\/lieferung-von-knoll-midifix-ii-an-joris-kuttschreuter\\\/\"},\"author\":{\"name\":\"Martin Compagner\",\"@id\":\"https:\\\/\\\/knoll-balers.com\\\/de\\\/#\\\/schema\\\/person\\\/d1f9aa4f5b5e192be66f2f7ae8e7a035\"},\"headline\":\"Lieferung von KNOLL MidiFix II an Joris Kuttschreuter\",\"datePublished\":\"2025-06-23T09:56:27+00:00\",\"dateModified\":\"2025-06-23T09:57:07+00:00\",\"mainEntityOfPage\":{\"@id\":\"https:\\\/\\\/knoll-balers.com\\\/de\\\/lieferung-von-knoll-midifix-ii-an-joris-kuttschreuter\\\/\"},\"wordCount\":84,\"publisher\":{\"@id\":\"https:\\\/\\\/knoll-balers.com\\\/de\\\/#organization\"},\"image\":{\"@id\":\"https:\\\/\\\/knoll-balers.com\\\/de\\\/lieferung-von-knoll-midifix-ii-an-joris-kuttschreuter\\\/#primaryimage\"},\"thumbnailUrl\":\"https:\\\/\\\/knoll-balers.com\\\/wp-content\\\/uploads\\\/2025\\\/05\\\/IMG-20250430-WA0003.jpg\",\"articleSection\":[\"Nieuws\"],\"inLanguage\":\"de\"},{\"@type\":\"WebPage\",\"@id\":\"https:\\\/\\\/knoll-balers.com\\\/de\\\/lieferung-von-knoll-midifix-ii-an-joris-kuttschreuter\\\/\",\"url\":\"https:\\\/\\\/knoll-balers.com\\\/de\\\/lieferung-von-knoll-midifix-ii-an-joris-kuttschreuter\\\/\",\"name\":\"Lieferung von KNOLL MidiFix II an Joris Kuttschreuter - Knoll Balers &amp; Wrappers\",\"isPartOf\":{\"@id\":\"https:\\\/\\\/knoll-balers.com\\\/de\\\/#website\"},\"primaryImageOfPage\":{\"@id\":\"https:\\\/\\\/knoll-balers.com\\\/de\\\/lieferung-von-knoll-midifix-ii-an-joris-kuttschreuter\\\/#primaryimage\"},\"image\":{\"@id\":\"https:\\\/\\\/knoll-balers.com\\\/de\\\/lieferung-von-knoll-midifix-ii-an-joris-kuttschreuter\\\/#primaryimage\"},\"thumbnailUrl\":\"https:\\\/\\\/knoll-balers.com\\\/wp-content\\\/uploads\\\/2025\\\/05\\\/IMG-20250430-WA0003.jpg\",\"datePublished\":\"2025-06-23T09:56:27+00:00\",\"dateModified\":\"2025-06-23T09:57:07+00:00\",\"breadcrumb\":{\"@id\":\"https:\\\/\\\/knoll-balers.com\\\/de\\\/lieferung-von-knoll-midifix-ii-an-joris-kuttschreuter\\\/#breadcrumb\"},\"inLanguage\":\"de\",\"potentialAction\":[{\"@type\":\"ReadAction\",\"target\":[\"https:\\\/\\\/knoll-balers.com\\\/de\\\/lieferung-von-knoll-midifix-ii-an-joris-kuttschreuter\\\/\"]}]},{\"@type\":\"ImageObject\",\"inLanguage\":\"de\",\"@id\":\"https:\\\/\\\/knoll-balers.com\\\/de\\\/lieferung-von-knoll-midifix-ii-an-joris-kuttschreuter\\\/#primaryimage\",\"url\":\"https:\\\/\\\/knoll-balers.com\\\/wp-content\\\/uploads\\\/2025\\\/05\\\/IMG-20250430-WA0003.jpg\",\"contentUrl\":\"https:\\\/\\\/knoll-balers.com\\\/wp-content\\\/uploads\\\/2025\\\/05\\\/IMG-20250430-WA0003.jpg\",\"width\":2048,\"height\":1536},{\"@type\":\"BreadcrumbList\",\"@id\":\"https:\\\/\\\/knoll-balers.com\\\/de\\\/lieferung-von-knoll-midifix-ii-an-joris-kuttschreuter\\\/#breadcrumb\",\"itemListElement\":[{\"@type\":\"ListItem\",\"position\":1,\"name\":\"Home\",\"item\":\"https:\\\/\\\/knoll-balers.com\\\/de\\\/\"},{\"@type\":\"ListItem\",\"position\":2,\"name\":\"Lieferung von KNOLL MidiFix II an Joris Kuttschreuter\"}]},{\"@type\":\"WebSite\",\"@id\":\"https:\\\/\\\/knoll-balers.com\\\/de\\\/#website\",\"url\":\"https:\\\/\\\/knoll-balers.com\\\/de\\\/\",\"name\":\"Knoll Balers &amp; Wrappers\",\"description\":\"We keep you moving forward\",\"publisher\":{\"@id\":\"https:\\\/\\\/knoll-balers.com\\\/de\\\/#organization\"},\"potentialAction\":[{\"@type\":\"SearchAction\",\"target\":{\"@type\":\"EntryPoint\",\"urlTemplate\":\"https:\\\/\\\/knoll-balers.com\\\/de\\\/?s={search_term_string}\"},\"query-input\":{\"@type\":\"PropertyValueSpecification\",\"valueRequired\":true,\"valueName\":\"search_term_string\"}}],\"inLanguage\":\"de\"},{\"@type\":\"Organization\",\"@id\":\"https:\\\/\\\/knoll-balers.com\\\/de\\\/#organization\",\"name\":\"Knoll Balers &amp; Wrappers\",\"url\":\"https:\\\/\\\/knoll-balers.com\\\/de\\\/\",\"logo\":{\"@type\":\"ImageObject\",\"inLanguage\":\"de\",\"@id\":\"https:\\\/\\\/knoll-balers.com\\\/de\\\/#\\\/schema\\\/logo\\\/image\\\/\",\"url\":\"https:\\\/\\\/knoll-balers.com\\\/wp-content\\\/uploads\\\/2021\\\/06\\\/cropped-cropped-Logo-Knoll.png\",\"contentUrl\":\"https:\\\/\\\/knoll-balers.com\\\/wp-content\\\/uploads\\\/2021\\\/06\\\/cropped-cropped-Logo-Knoll.png\",\"width\":1144,\"height\":361,\"caption\":\"Knoll Balers &amp; Wrappers\"},\"image\":{\"@id\":\"https:\\\/\\\/knoll-balers.com\\\/de\\\/#\\\/schema\\\/logo\\\/image\\\/\"}},{\"@type\":\"Person\",\"@id\":\"https:\\\/\\\/knoll-balers.com\\\/de\\\/#\\\/schema\\\/person\\\/d1f9aa4f5b5e192be66f2f7ae8e7a035\",\"name\":\"Martin Compagner\",\"image\":{\"@type\":\"ImageObject\",\"inLanguage\":\"de\",\"@id\":\"https:\\\/\\\/secure.gravatar.com\\\/avatar\\\/ad34520e2c19cb5057e5c210d1dd6f23ee46bdf8d87def4d0b0572367d7c97d7?s=96&d=mm&r=g\",\"url\":\"https:\\\/\\\/secure.gravatar.com\\\/avatar\\\/ad34520e2c19cb5057e5c210d1dd6f23ee46bdf8d87def4d0b0572367d7c97d7?s=96&d=mm&r=g\",\"contentUrl\":\"https:\\\/\\\/secure.gravatar.com\\\/avatar\\\/ad34520e2c19cb5057e5c210d1dd6f23ee46bdf8d87def4d0b0572367d7c97d7?s=96&d=mm&r=g\",\"caption\":\"Martin Compagner\"},\"url\":\"https:\\\/\\\/knoll-balers.com\\\/de\\\/author\\\/martin-compagner\\\/\"}]}<\/script>\n<!-- \/ Yoast SEO plugin. -->","yoast_head_json":{"title":"Lieferung von KNOLL MidiFix II an Joris Kuttschreuter - Knoll Balers &amp; Wrappers","robots":{"index":"index","follow":"follow","max-snippet":"max-snippet:-1","max-image-preview":"max-image-preview:large","max-video-preview":"max-video-preview:-1"},"canonical":"https:\/\/knoll-balers.com\/de\/lieferung-von-knoll-midifix-ii-an-joris-kuttschreuter\/","og_locale":"de_DE","og_type":"article","og_title":"Lieferung von KNOLL MidiFix II an Joris Kuttschreuter - Knoll Balers &amp; Wrappers","og_description":"\u2705 Afgeleverd Vor kurzem durften wir diesen jungen gebrauchten \ud835\uddde\ud835\udde1\ud835\udde2\ud835\udddf\ud835\udddf \ud835\udde0\ud835\uddf6\ud835\uddf1\ud835\uddf6\ud835\uddd9\ud835\uddf6\ud835\ude05 \ud835\udddc\ud835\udddc an Joris Kuttschreuter von JK Fouragehandel &amp; Agr.dienstverlening aus Twello \u00fcbergeben. F\u00fcr die \u00dcbergabe und Inbetriebnahme stand bei guten Bedingungen eine Rasenfl\u00e4che zur Verf\u00fcgung. Die Maschine ist optional mit einem Folienbindesystem und einer Trockenmasse-Messung ausgestattet. Damit kann Joris die Kunden in der Region [&hellip;]","og_url":"https:\/\/knoll-balers.com\/de\/lieferung-von-knoll-midifix-ii-an-joris-kuttschreuter\/","og_site_name":"Knoll Balers &amp; Wrappers","article_published_time":"2025-06-23T09:56:27+00:00","article_modified_time":"2025-06-23T09:57:07+00:00","og_image":[{"width":2048,"height":1536,"url":"https:\/\/knoll-balers.com\/wp-content\/uploads\/2025\/05\/IMG-20250430-WA0003.jpg","type":"image\/jpeg"}],"author":"Martin Compagner","twitter_card":"summary_large_image","twitter_misc":{"Verfasst von":"Martin Compagner","Gesch\u00e4tzte Lesezeit":"3\u00a0Minuten"},"schema":{"@context":"https:\/\/schema.org","@graph":[{"@type":"Article","@id":"https:\/\/knoll-balers.com\/de\/lieferung-von-knoll-midifix-ii-an-joris-kuttschreuter\/#article","isPartOf":{"@id":"https:\/\/knoll-balers.com\/de\/lieferung-von-knoll-midifix-ii-an-joris-kuttschreuter\/"},"author":{"name":"Martin Compagner","@id":"https:\/\/knoll-balers.com\/de\/#\/schema\/person\/d1f9aa4f5b5e192be66f2f7ae8e7a035"},"headline":"Lieferung von KNOLL MidiFix II an Joris Kuttschreuter","datePublished":"2025-06-23T09:56:27+00:00","dateModified":"2025-06-23T09:57:07+00:00","mainEntityOfPage":{"@id":"https:\/\/knoll-balers.com\/de\/lieferung-von-knoll-midifix-ii-an-joris-kuttschreuter\/"},"wordCount":84,"publisher":{"@id":"https:\/\/knoll-balers.com\/de\/#organization"},"image":{"@id":"https:\/\/knoll-balers.com\/de\/lieferung-von-knoll-midifix-ii-an-joris-kuttschreuter\/#primaryimage"},"thumbnailUrl":"https:\/\/knoll-balers.com\/wp-content\/uploads\/2025\/05\/IMG-20250430-WA0003.jpg","articleSection":["Nieuws"],"inLanguage":"de"},{"@type":"WebPage","@id":"https:\/\/knoll-balers.com\/de\/lieferung-von-knoll-midifix-ii-an-joris-kuttschreuter\/","url":"https:\/\/knoll-balers.com\/de\/lieferung-von-knoll-midifix-ii-an-joris-kuttschreuter\/","name":"Lieferung von KNOLL MidiFix II an Joris Kuttschreuter - Knoll Balers &amp; Wrappers","isPartOf":{"@id":"https:\/\/knoll-balers.com\/de\/#website"},"primaryImageOfPage":{"@id":"https:\/\/knoll-balers.com\/de\/lieferung-von-knoll-midifix-ii-an-joris-kuttschreuter\/#primaryimage"},"image":{"@id":"https:\/\/knoll-balers.com\/de\/lieferung-von-knoll-midifix-ii-an-joris-kuttschreuter\/#primaryimage"},"thumbnailUrl":"https:\/\/knoll-balers.com\/wp-content\/uploads\/2025\/05\/IMG-20250430-WA0003.jpg","datePublished":"2025-06-23T09:56:27+00:00","dateModified":"2025-06-23T09:57:07+00:00","breadcrumb":{"@id":"https:\/\/knoll-balers.com\/de\/lieferung-von-knoll-midifix-ii-an-joris-kuttschreuter\/#breadcrumb"},"inLanguage":"de","potentialAction":[{"@type":"ReadAction","target":["https:\/\/knoll-balers.com\/de\/lieferung-von-knoll-midifix-ii-an-joris-kuttschreuter\/"]}]},{"@type":"ImageObject","inLanguage":"de","@id":"https:\/\/knoll-balers.com\/de\/lieferung-von-knoll-midifix-ii-an-joris-kuttschreuter\/#primaryimage","url":"https:\/\/knoll-balers.com\/wp-content\/uploads\/2025\/05\/IMG-20250430-WA0003.jpg","contentUrl":"https:\/\/knoll-balers.com\/wp-content\/uploads\/2025\/05\/IMG-20250430-WA0003.jpg","width":2048,"height":1536},{"@type":"BreadcrumbList","@id":"https:\/\/knoll-balers.com\/de\/lieferung-von-knoll-midifix-ii-an-joris-kuttschreuter\/#breadcrumb","itemListElement":[{"@type":"ListItem","position":1,"name":"Home","item":"https:\/\/knoll-balers.com\/de\/"},{"@type":"ListItem","position":2,"name":"Lieferung von KNOLL MidiFix II an Joris Kuttschreuter"}]},{"@type":"WebSite","@id":"https:\/\/knoll-balers.com\/de\/#website","url":"https:\/\/knoll-balers.com\/de\/","name":"Knoll Balers &amp; Wrappers","description":"We keep you moving forward","publisher":{"@id":"https:\/\/knoll-balers.com\/de\/#organization"},"potentialAction":[{"@type":"SearchAction","target":{"@type":"EntryPoint","urlTemplate":"https:\/\/knoll-balers.com\/de\/?s={search_term_string}"},"query-input":{"@type":"PropertyValueSpecification","valueRequired":true,"valueName":"search_term_string"}}],"inLanguage":"de"},{"@type":"Organization","@id":"https:\/\/knoll-balers.com\/de\/#organization","name":"Knoll Balers &amp; Wrappers","url":"https:\/\/knoll-balers.com\/de\/","logo":{"@type":"ImageObject","inLanguage":"de","@id":"https:\/\/knoll-balers.com\/de\/#\/schema\/logo\/image\/","url":"https:\/\/knoll-balers.com\/wp-content\/uploads\/2021\/06\/cropped-cropped-Logo-Knoll.png","contentUrl":"https:\/\/knoll-balers.com\/wp-content\/uploads\/2021\/06\/cropped-cropped-Logo-Knoll.png","width":1144,"height":361,"caption":"Knoll Balers &amp; Wrappers"},"image":{"@id":"https:\/\/knoll-balers.com\/de\/#\/schema\/logo\/image\/"}},{"@type":"Person","@id":"https:\/\/knoll-balers.com\/de\/#\/schema\/person\/d1f9aa4f5b5e192be66f2f7ae8e7a035","name":"Martin Compagner","image":{"@type":"ImageObject","inLanguage":"de","@id":"https:\/\/secure.gravatar.com\/avatar\/ad34520e2c19cb5057e5c210d1dd6f23ee46bdf8d87def4d0b0572367d7c97d7?s=96&d=mm&r=g","url":"https:\/\/secure.gravatar.com\/avatar\/ad34520e2c19cb5057e5c210d1dd6f23ee46bdf8d87def4d0b0572367d7c97d7?s=96&d=mm&r=g","contentUrl":"https:\/\/secure.gravatar.com\/avatar\/ad34520e2c19cb5057e5c210d1dd6f23ee46bdf8d87def4d0b0572367d7c97d7?s=96&d=mm&r=g","caption":"Martin Compagner"},"url":"https:\/\/knoll-balers.com\/de\/author\/martin-compagner\/"}]}},"_links":{"self":[{"href":"https:\/\/knoll-balers.com\/de\/wp-json\/wp\/v2\/posts\/14409","targetHints":{"allow":["GET"]}}],"collection":[{"href":"https:\/\/knoll-balers.com\/de\/wp-json\/wp\/v2\/posts"}],"about":[{"href":"https:\/\/knoll-balers.com\/de\/wp-json\/wp\/v2\/types\/post"}],"author":[{"embeddable":true,"href":"https:\/\/knoll-balers.com\/de\/wp-json\/wp\/v2\/users\/4"}],"replies":[{"embeddable":true,"href":"https:\/\/knoll-balers.com\/de\/wp-json\/wp\/v2\/comments?post=14409"}],"version-history":[{"count":4,"href":"https:\/\/knoll-balers.com\/de\/wp-json\/wp\/v2\/posts\/14409\/revisions"}],"predecessor-version":[{"id":14413,"href":"https:\/\/knoll-balers.com\/de\/wp-json\/wp\/v2\/posts\/14409\/revisions\/14413"}],"wp:featuredmedia":[{"embeddable":true,"href":"https:\/\/knoll-balers.com\/de\/wp-json\/wp\/v2\/media\/14245"}],"wp:attachment":[{"href":"https:\/\/knoll-balers.com\/de\/wp-json\/wp\/v2\/media?parent=14409"}],"wp:term":[{"taxonomy":"category","embeddable":true,"href":"https:\/\/knoll-balers.com\/de\/wp-json\/wp\/v2\/categories?post=14409"},{"taxonomy":"post_tag","embeddable":true,"href":"https:\/\/knoll-balers.com\/de\/wp-json\/wp\/v2\/tags?post=14409"}],"curies":[{"name":"wp","href":"https:\/\/api.w.org\/{rel}","templated":true}]}}