{"id":14661,"date":"2025-09-24T08:00:06","date_gmt":"2025-09-24T08:00:06","guid":{"rendered":"https:\/\/knoll-balers.com\/?p=14661"},"modified":"2025-09-24T08:01:06","modified_gmt":"2025-09-24T08:01:06","slug":"jf-agri-aanwezig-met-knoll-balers-op-werktuigdagen-2025-in-oudenaarde","status":"publish","type":"post","link":"https:\/\/knoll-balers.com\/de\/jf-agri-aanwezig-met-knoll-balers-op-werktuigdagen-2025-in-oudenaarde\/","title":{"rendered":"JF Agri mit KNOLL Ballenpressen auf den Werktuigdagen 2025 in Oudenaarde vertreten!"},"content":{"rendered":"\t\t<div data-elementor-type=\"wp-post\" data-elementor-id=\"14661\" class=\"elementor elementor-14661 elementor-14659\" data-elementor-post-type=\"post\">\n\t\t\t\t\t\t<section class=\"elementor-section elementor-top-section elementor-element elementor-element-48a3b91e elementor-section-boxed elementor-section-height-default elementor-section-height-default\" data-id=\"48a3b91e\" data-element_type=\"section\" data-e-type=\"section\" data-settings=\"{&quot;jet_parallax_layout_list&quot;:[]}\">\n\t\t\t\t\t\t<div class=\"elementor-container elementor-column-gap-default\">\n\t\t\t\t\t<div class=\"elementor-column elementor-col-100 elementor-top-column elementor-element elementor-element-3d7dd548\" data-id=\"3d7dd548\" data-element_type=\"column\" data-e-type=\"column\">\n\t\t\t<div class=\"elementor-widget-wrap elementor-element-populated\">\n\t\t\t\t\t\t<div class=\"elementor-element elementor-element-71fbe0a0 elementor-widget elementor-widget-text-editor\" data-id=\"71fbe0a0\" data-element_type=\"widget\" data-e-type=\"widget\" data-widget_type=\"text-editor.default\">\n\t\t\t\t<div class=\"elementor-widget-container\">\n\t\t\t\t\t\t\t\t\t<p>W\u00e4hrend der Werktuigdagen in Oudenaarde \u2013 Ausgabe 2025 stellte sich unser neuer KNOLL Ballenpressen-Servicepartner JF Agri (Jef Frederickx) aus Halen erstmals dem belgischen Publikum vor.<\/p><p>Mit der KNOLL MidiFix II auf dem Stand machte JF Agri deutlich, dass es als zuverl\u00e4ssiger Servicepartner f\u00fcr KNOLL in Belgien zur Verf\u00fcgung steht. Dank der Pr\u00e4senz von JF Agri als autorisierter H\u00e4ndler und Servicepartner k\u00f6nnen belgische Kunden nun auf einen schnellen und sorgf\u00e4ltigen Service in ihrer N\u00e4he z\u00e4hlen.<\/p><p>Trotz der wechselhaften Wetterbedingungen war die Messe ein gro\u00dfer Erfolg: viele gute Kontakte, begeisterte Reaktionen und deutliches Interesse an den KNOLL MidiBalers.<\/p><p>Wir blicken mit Stolz auf diese erfolgreiche Ausgabe zur\u00fcck und hei\u00dfen JF Agri herzlich willkommen im KNOLL-H\u00e4ndlernetzwerk!<\/p>\t\t\t\t\t\t\t\t<\/div>\n\t\t\t\t<\/div>\n\t\t\t\t<div class=\"elementor-element elementor-element-9bae7c8 elementor-widget elementor-widget-video\" data-id=\"9bae7c8\" data-element_type=\"widget\" data-e-type=\"widget\" data-settings=\"{&quot;video_type&quot;:&quot;hosted&quot;,&quot;controls&quot;:&quot;yes&quot;}\" data-widget_type=\"video.default\">\n\t\t\t\t<div class=\"elementor-widget-container\">\n\t\t\t\t\t\t\t<div class=\"e-hosted-video elementor-wrapper elementor-open-inline\">\n\t\t\t\t\t<video class=\"elementor-video\" src=\"https:\/\/knoll-balers.com\/wp-content\/uploads\/2025\/09\/Video-werktuigendagen.mp4\" controls=\"\" preload=\"metadata\" controlsList=\"nodownload\"><\/video>\n\t\t\t\t<\/div>\n\t\t\t\t\t\t<\/div>\n\t\t\t\t<\/div>\n\t\t\t\t\t<\/div>\n\t\t<\/div>\n\t\t\t\t\t<\/div>\n\t\t<\/section>\n\t\t\t\t<\/div>\n\t\t","protected":false},"excerpt":{"rendered":"<p>W\u00e4hrend der Werktuigdagen in Oudenaarde \u2013 Ausgabe 2025 stellte sich unser neuer KNOLL Ballenpressen-Servicepartner JF Agri (Jef Frederickx) aus Halen erstmals dem belgischen Publikum vor. Mit der KNOLL MidiFix II auf dem Stand machte JF Agri deutlich, dass es als zuverl\u00e4ssiger Servicepartner f\u00fcr KNOLL in Belgien zur Verf\u00fcgung steht. Dank der Pr\u00e4senz von JF Agri [&hellip;]<\/p>\n","protected":false},"author":4,"featured_media":14666,"comment_status":"closed","ping_status":"closed","sticky":false,"template":"","format":"standard","meta":{"footnotes":""},"categories":[63],"tags":[],"class_list":["post-14661","post","type-post","status-publish","format-standard","has-post-thumbnail","hentry","category-nieuws-de"],"yoast_head":"<!-- This site is optimized with the Yoast SEO plugin v27.4 - https:\/\/yoast.com\/product\/yoast-seo-wordpress\/ -->\n<title>JF Agri mit KNOLL Ballenpressen auf den Werktuigdagen 2025 in Oudenaarde vertreten! - Knoll Balers &amp; Wrappers<\/title>\n<meta name=\"robots\" content=\"index, follow, max-snippet:-1, max-image-preview:large, max-video-preview:-1\" \/>\n<link rel=\"canonical\" href=\"https:\/\/knoll-balers.com\/de\/jf-agri-aanwezig-met-knoll-balers-op-werktuigdagen-2025-in-oudenaarde\/\" \/>\n<meta property=\"og:locale\" content=\"de_DE\" \/>\n<meta property=\"og:type\" content=\"article\" \/>\n<meta property=\"og:title\" content=\"JF Agri mit KNOLL Ballenpressen auf den Werktuigdagen 2025 in Oudenaarde vertreten! - Knoll Balers &amp; Wrappers\" \/>\n<meta property=\"og:description\" content=\"W\u00e4hrend der Werktuigdagen in Oudenaarde \u2013 Ausgabe 2025 stellte sich unser neuer KNOLL Ballenpressen-Servicepartner JF Agri (Jef Frederickx) aus Halen erstmals dem belgischen Publikum vor. Mit der KNOLL MidiFix II auf dem Stand machte JF Agri deutlich, dass es als zuverl\u00e4ssiger Servicepartner f\u00fcr KNOLL in Belgien zur Verf\u00fcgung steht. Dank der Pr\u00e4senz von JF Agri [&hellip;]\" \/>\n<meta property=\"og:url\" content=\"https:\/\/knoll-balers.com\/de\/jf-agri-aanwezig-met-knoll-balers-op-werktuigdagen-2025-in-oudenaarde\/\" \/>\n<meta property=\"og:site_name\" content=\"Knoll Balers &amp; Wrappers\" \/>\n<meta property=\"article:published_time\" content=\"2025-09-24T08:00:06+00:00\" \/>\n<meta property=\"article:modified_time\" content=\"2025-09-24T08:01:06+00:00\" \/>\n<meta property=\"og:image\" content=\"http:\/\/knoll-balers.com\/wp-content\/uploads\/2025\/09\/Beurs-Belgie.jpg\" \/>\n\t<meta property=\"og:image:width\" content=\"2016\" \/>\n\t<meta property=\"og:image:height\" content=\"1512\" \/>\n\t<meta property=\"og:image:type\" content=\"image\/jpeg\" \/>\n<meta name=\"author\" content=\"Martin Compagner\" \/>\n<meta name=\"twitter:card\" content=\"summary_large_image\" \/>\n<meta name=\"twitter:label1\" content=\"Verfasst von\" \/>\n\t<meta name=\"twitter:data1\" content=\"Martin Compagner\" \/>\n\t<meta name=\"twitter:label2\" content=\"Gesch\u00e4tzte Lesezeit\" \/>\n\t<meta name=\"twitter:data2\" content=\"1\u00a0Minute\" \/>\n<script type=\"application\/ld+json\" class=\"yoast-schema-graph\">{\"@context\":\"https:\\\/\\\/schema.org\",\"@graph\":[{\"@type\":\"Article\",\"@id\":\"https:\\\/\\\/knoll-balers.com\\\/de\\\/jf-agri-aanwezig-met-knoll-balers-op-werktuigdagen-2025-in-oudenaarde\\\/#article\",\"isPartOf\":{\"@id\":\"https:\\\/\\\/knoll-balers.com\\\/de\\\/jf-agri-aanwezig-met-knoll-balers-op-werktuigdagen-2025-in-oudenaarde\\\/\"},\"author\":{\"name\":\"Martin Compagner\",\"@id\":\"https:\\\/\\\/knoll-balers.com\\\/de\\\/#\\\/schema\\\/person\\\/d1f9aa4f5b5e192be66f2f7ae8e7a035\"},\"headline\":\"JF Agri mit KNOLL Ballenpressen auf den Werktuigdagen 2025 in Oudenaarde vertreten!\",\"datePublished\":\"2025-09-24T08:00:06+00:00\",\"dateModified\":\"2025-09-24T08:01:06+00:00\",\"mainEntityOfPage\":{\"@id\":\"https:\\\/\\\/knoll-balers.com\\\/de\\\/jf-agri-aanwezig-met-knoll-balers-op-werktuigdagen-2025-in-oudenaarde\\\/\"},\"wordCount\":143,\"publisher\":{\"@id\":\"https:\\\/\\\/knoll-balers.com\\\/de\\\/#organization\"},\"image\":{\"@id\":\"https:\\\/\\\/knoll-balers.com\\\/de\\\/jf-agri-aanwezig-met-knoll-balers-op-werktuigdagen-2025-in-oudenaarde\\\/#primaryimage\"},\"thumbnailUrl\":\"https:\\\/\\\/knoll-balers.com\\\/wp-content\\\/uploads\\\/2025\\\/09\\\/Beurs-Belgie.jpg\",\"articleSection\":[\"Nieuws\"],\"inLanguage\":\"de\"},{\"@type\":\"WebPage\",\"@id\":\"https:\\\/\\\/knoll-balers.com\\\/de\\\/jf-agri-aanwezig-met-knoll-balers-op-werktuigdagen-2025-in-oudenaarde\\\/\",\"url\":\"https:\\\/\\\/knoll-balers.com\\\/de\\\/jf-agri-aanwezig-met-knoll-balers-op-werktuigdagen-2025-in-oudenaarde\\\/\",\"name\":\"JF Agri mit KNOLL Ballenpressen auf den Werktuigdagen 2025 in Oudenaarde vertreten! - Knoll Balers &amp; Wrappers\",\"isPartOf\":{\"@id\":\"https:\\\/\\\/knoll-balers.com\\\/de\\\/#website\"},\"primaryImageOfPage\":{\"@id\":\"https:\\\/\\\/knoll-balers.com\\\/de\\\/jf-agri-aanwezig-met-knoll-balers-op-werktuigdagen-2025-in-oudenaarde\\\/#primaryimage\"},\"image\":{\"@id\":\"https:\\\/\\\/knoll-balers.com\\\/de\\\/jf-agri-aanwezig-met-knoll-balers-op-werktuigdagen-2025-in-oudenaarde\\\/#primaryimage\"},\"thumbnailUrl\":\"https:\\\/\\\/knoll-balers.com\\\/wp-content\\\/uploads\\\/2025\\\/09\\\/Beurs-Belgie.jpg\",\"datePublished\":\"2025-09-24T08:00:06+00:00\",\"dateModified\":\"2025-09-24T08:01:06+00:00\",\"breadcrumb\":{\"@id\":\"https:\\\/\\\/knoll-balers.com\\\/de\\\/jf-agri-aanwezig-met-knoll-balers-op-werktuigdagen-2025-in-oudenaarde\\\/#breadcrumb\"},\"inLanguage\":\"de\",\"potentialAction\":[{\"@type\":\"ReadAction\",\"target\":[\"https:\\\/\\\/knoll-balers.com\\\/de\\\/jf-agri-aanwezig-met-knoll-balers-op-werktuigdagen-2025-in-oudenaarde\\\/\"]}]},{\"@type\":\"ImageObject\",\"inLanguage\":\"de\",\"@id\":\"https:\\\/\\\/knoll-balers.com\\\/de\\\/jf-agri-aanwezig-met-knoll-balers-op-werktuigdagen-2025-in-oudenaarde\\\/#primaryimage\",\"url\":\"https:\\\/\\\/knoll-balers.com\\\/wp-content\\\/uploads\\\/2025\\\/09\\\/Beurs-Belgie.jpg\",\"contentUrl\":\"https:\\\/\\\/knoll-balers.com\\\/wp-content\\\/uploads\\\/2025\\\/09\\\/Beurs-Belgie.jpg\",\"width\":2016,\"height\":1512},{\"@type\":\"BreadcrumbList\",\"@id\":\"https:\\\/\\\/knoll-balers.com\\\/de\\\/jf-agri-aanwezig-met-knoll-balers-op-werktuigdagen-2025-in-oudenaarde\\\/#breadcrumb\",\"itemListElement\":[{\"@type\":\"ListItem\",\"position\":1,\"name\":\"Home\",\"item\":\"https:\\\/\\\/knoll-balers.com\\\/de\\\/\"},{\"@type\":\"ListItem\",\"position\":2,\"name\":\"JF Agri mit KNOLL Ballenpressen auf den Werktuigdagen 2025 in Oudenaarde vertreten!\"}]},{\"@type\":\"WebSite\",\"@id\":\"https:\\\/\\\/knoll-balers.com\\\/de\\\/#website\",\"url\":\"https:\\\/\\\/knoll-balers.com\\\/de\\\/\",\"name\":\"Knoll Balers &amp; Wrappers\",\"description\":\"We keep you moving forward\",\"publisher\":{\"@id\":\"https:\\\/\\\/knoll-balers.com\\\/de\\\/#organization\"},\"potentialAction\":[{\"@type\":\"SearchAction\",\"target\":{\"@type\":\"EntryPoint\",\"urlTemplate\":\"https:\\\/\\\/knoll-balers.com\\\/de\\\/?s={search_term_string}\"},\"query-input\":{\"@type\":\"PropertyValueSpecification\",\"valueRequired\":true,\"valueName\":\"search_term_string\"}}],\"inLanguage\":\"de\"},{\"@type\":\"Organization\",\"@id\":\"https:\\\/\\\/knoll-balers.com\\\/de\\\/#organization\",\"name\":\"Knoll Balers &amp; Wrappers\",\"url\":\"https:\\\/\\\/knoll-balers.com\\\/de\\\/\",\"logo\":{\"@type\":\"ImageObject\",\"inLanguage\":\"de\",\"@id\":\"https:\\\/\\\/knoll-balers.com\\\/de\\\/#\\\/schema\\\/logo\\\/image\\\/\",\"url\":\"https:\\\/\\\/knoll-balers.com\\\/wp-content\\\/uploads\\\/2021\\\/06\\\/cropped-cropped-Logo-Knoll.png\",\"contentUrl\":\"https:\\\/\\\/knoll-balers.com\\\/wp-content\\\/uploads\\\/2021\\\/06\\\/cropped-cropped-Logo-Knoll.png\",\"width\":1144,\"height\":361,\"caption\":\"Knoll Balers &amp; Wrappers\"},\"image\":{\"@id\":\"https:\\\/\\\/knoll-balers.com\\\/de\\\/#\\\/schema\\\/logo\\\/image\\\/\"}},{\"@type\":\"Person\",\"@id\":\"https:\\\/\\\/knoll-balers.com\\\/de\\\/#\\\/schema\\\/person\\\/d1f9aa4f5b5e192be66f2f7ae8e7a035\",\"name\":\"Martin Compagner\",\"image\":{\"@type\":\"ImageObject\",\"inLanguage\":\"de\",\"@id\":\"https:\\\/\\\/secure.gravatar.com\\\/avatar\\\/ad34520e2c19cb5057e5c210d1dd6f23ee46bdf8d87def4d0b0572367d7c97d7?s=96&d=mm&r=g\",\"url\":\"https:\\\/\\\/secure.gravatar.com\\\/avatar\\\/ad34520e2c19cb5057e5c210d1dd6f23ee46bdf8d87def4d0b0572367d7c97d7?s=96&d=mm&r=g\",\"contentUrl\":\"https:\\\/\\\/secure.gravatar.com\\\/avatar\\\/ad34520e2c19cb5057e5c210d1dd6f23ee46bdf8d87def4d0b0572367d7c97d7?s=96&d=mm&r=g\",\"caption\":\"Martin Compagner\"},\"url\":\"https:\\\/\\\/knoll-balers.com\\\/de\\\/author\\\/martin-compagner\\\/\"}]}<\/script>\n<!-- \/ Yoast SEO plugin. -->","yoast_head_json":{"title":"JF Agri mit KNOLL Ballenpressen auf den Werktuigdagen 2025 in Oudenaarde vertreten! - Knoll Balers &amp; Wrappers","robots":{"index":"index","follow":"follow","max-snippet":"max-snippet:-1","max-image-preview":"max-image-preview:large","max-video-preview":"max-video-preview:-1"},"canonical":"https:\/\/knoll-balers.com\/de\/jf-agri-aanwezig-met-knoll-balers-op-werktuigdagen-2025-in-oudenaarde\/","og_locale":"de_DE","og_type":"article","og_title":"JF Agri mit KNOLL Ballenpressen auf den Werktuigdagen 2025 in Oudenaarde vertreten! - Knoll Balers &amp; Wrappers","og_description":"W\u00e4hrend der Werktuigdagen in Oudenaarde \u2013 Ausgabe 2025 stellte sich unser neuer KNOLL Ballenpressen-Servicepartner JF Agri (Jef Frederickx) aus Halen erstmals dem belgischen Publikum vor. Mit der KNOLL MidiFix II auf dem Stand machte JF Agri deutlich, dass es als zuverl\u00e4ssiger Servicepartner f\u00fcr KNOLL in Belgien zur Verf\u00fcgung steht. Dank der Pr\u00e4senz von JF Agri [&hellip;]","og_url":"https:\/\/knoll-balers.com\/de\/jf-agri-aanwezig-met-knoll-balers-op-werktuigdagen-2025-in-oudenaarde\/","og_site_name":"Knoll Balers &amp; Wrappers","article_published_time":"2025-09-24T08:00:06+00:00","article_modified_time":"2025-09-24T08:01:06+00:00","og_image":[{"width":2016,"height":1512,"url":"http:\/\/knoll-balers.com\/wp-content\/uploads\/2025\/09\/Beurs-Belgie.jpg","type":"image\/jpeg"}],"author":"Martin Compagner","twitter_card":"summary_large_image","twitter_misc":{"Verfasst von":"Martin Compagner","Gesch\u00e4tzte Lesezeit":"1\u00a0Minute"},"schema":{"@context":"https:\/\/schema.org","@graph":[{"@type":"Article","@id":"https:\/\/knoll-balers.com\/de\/jf-agri-aanwezig-met-knoll-balers-op-werktuigdagen-2025-in-oudenaarde\/#article","isPartOf":{"@id":"https:\/\/knoll-balers.com\/de\/jf-agri-aanwezig-met-knoll-balers-op-werktuigdagen-2025-in-oudenaarde\/"},"author":{"name":"Martin Compagner","@id":"https:\/\/knoll-balers.com\/de\/#\/schema\/person\/d1f9aa4f5b5e192be66f2f7ae8e7a035"},"headline":"JF Agri mit KNOLL Ballenpressen auf den Werktuigdagen 2025 in Oudenaarde vertreten!","datePublished":"2025-09-24T08:00:06+00:00","dateModified":"2025-09-24T08:01:06+00:00","mainEntityOfPage":{"@id":"https:\/\/knoll-balers.com\/de\/jf-agri-aanwezig-met-knoll-balers-op-werktuigdagen-2025-in-oudenaarde\/"},"wordCount":143,"publisher":{"@id":"https:\/\/knoll-balers.com\/de\/#organization"},"image":{"@id":"https:\/\/knoll-balers.com\/de\/jf-agri-aanwezig-met-knoll-balers-op-werktuigdagen-2025-in-oudenaarde\/#primaryimage"},"thumbnailUrl":"https:\/\/knoll-balers.com\/wp-content\/uploads\/2025\/09\/Beurs-Belgie.jpg","articleSection":["Nieuws"],"inLanguage":"de"},{"@type":"WebPage","@id":"https:\/\/knoll-balers.com\/de\/jf-agri-aanwezig-met-knoll-balers-op-werktuigdagen-2025-in-oudenaarde\/","url":"https:\/\/knoll-balers.com\/de\/jf-agri-aanwezig-met-knoll-balers-op-werktuigdagen-2025-in-oudenaarde\/","name":"JF Agri mit KNOLL Ballenpressen auf den Werktuigdagen 2025 in Oudenaarde vertreten! - Knoll Balers &amp; Wrappers","isPartOf":{"@id":"https:\/\/knoll-balers.com\/de\/#website"},"primaryImageOfPage":{"@id":"https:\/\/knoll-balers.com\/de\/jf-agri-aanwezig-met-knoll-balers-op-werktuigdagen-2025-in-oudenaarde\/#primaryimage"},"image":{"@id":"https:\/\/knoll-balers.com\/de\/jf-agri-aanwezig-met-knoll-balers-op-werktuigdagen-2025-in-oudenaarde\/#primaryimage"},"thumbnailUrl":"https:\/\/knoll-balers.com\/wp-content\/uploads\/2025\/09\/Beurs-Belgie.jpg","datePublished":"2025-09-24T08:00:06+00:00","dateModified":"2025-09-24T08:01:06+00:00","breadcrumb":{"@id":"https:\/\/knoll-balers.com\/de\/jf-agri-aanwezig-met-knoll-balers-op-werktuigdagen-2025-in-oudenaarde\/#breadcrumb"},"inLanguage":"de","potentialAction":[{"@type":"ReadAction","target":["https:\/\/knoll-balers.com\/de\/jf-agri-aanwezig-met-knoll-balers-op-werktuigdagen-2025-in-oudenaarde\/"]}]},{"@type":"ImageObject","inLanguage":"de","@id":"https:\/\/knoll-balers.com\/de\/jf-agri-aanwezig-met-knoll-balers-op-werktuigdagen-2025-in-oudenaarde\/#primaryimage","url":"https:\/\/knoll-balers.com\/wp-content\/uploads\/2025\/09\/Beurs-Belgie.jpg","contentUrl":"https:\/\/knoll-balers.com\/wp-content\/uploads\/2025\/09\/Beurs-Belgie.jpg","width":2016,"height":1512},{"@type":"BreadcrumbList","@id":"https:\/\/knoll-balers.com\/de\/jf-agri-aanwezig-met-knoll-balers-op-werktuigdagen-2025-in-oudenaarde\/#breadcrumb","itemListElement":[{"@type":"ListItem","position":1,"name":"Home","item":"https:\/\/knoll-balers.com\/de\/"},{"@type":"ListItem","position":2,"name":"JF Agri mit KNOLL Ballenpressen auf den Werktuigdagen 2025 in Oudenaarde vertreten!"}]},{"@type":"WebSite","@id":"https:\/\/knoll-balers.com\/de\/#website","url":"https:\/\/knoll-balers.com\/de\/","name":"Knoll Balers &amp; Wrappers","description":"We keep you moving forward","publisher":{"@id":"https:\/\/knoll-balers.com\/de\/#organization"},"potentialAction":[{"@type":"SearchAction","target":{"@type":"EntryPoint","urlTemplate":"https:\/\/knoll-balers.com\/de\/?s={search_term_string}"},"query-input":{"@type":"PropertyValueSpecification","valueRequired":true,"valueName":"search_term_string"}}],"inLanguage":"de"},{"@type":"Organization","@id":"https:\/\/knoll-balers.com\/de\/#organization","name":"Knoll Balers &amp; Wrappers","url":"https:\/\/knoll-balers.com\/de\/","logo":{"@type":"ImageObject","inLanguage":"de","@id":"https:\/\/knoll-balers.com\/de\/#\/schema\/logo\/image\/","url":"https:\/\/knoll-balers.com\/wp-content\/uploads\/2021\/06\/cropped-cropped-Logo-Knoll.png","contentUrl":"https:\/\/knoll-balers.com\/wp-content\/uploads\/2021\/06\/cropped-cropped-Logo-Knoll.png","width":1144,"height":361,"caption":"Knoll Balers &amp; Wrappers"},"image":{"@id":"https:\/\/knoll-balers.com\/de\/#\/schema\/logo\/image\/"}},{"@type":"Person","@id":"https:\/\/knoll-balers.com\/de\/#\/schema\/person\/d1f9aa4f5b5e192be66f2f7ae8e7a035","name":"Martin Compagner","image":{"@type":"ImageObject","inLanguage":"de","@id":"https:\/\/secure.gravatar.com\/avatar\/ad34520e2c19cb5057e5c210d1dd6f23ee46bdf8d87def4d0b0572367d7c97d7?s=96&d=mm&r=g","url":"https:\/\/secure.gravatar.com\/avatar\/ad34520e2c19cb5057e5c210d1dd6f23ee46bdf8d87def4d0b0572367d7c97d7?s=96&d=mm&r=g","contentUrl":"https:\/\/secure.gravatar.com\/avatar\/ad34520e2c19cb5057e5c210d1dd6f23ee46bdf8d87def4d0b0572367d7c97d7?s=96&d=mm&r=g","caption":"Martin Compagner"},"url":"https:\/\/knoll-balers.com\/de\/author\/martin-compagner\/"}]}},"_links":{"self":[{"href":"https:\/\/knoll-balers.com\/de\/wp-json\/wp\/v2\/posts\/14661","targetHints":{"allow":["GET"]}}],"collection":[{"href":"https:\/\/knoll-balers.com\/de\/wp-json\/wp\/v2\/posts"}],"about":[{"href":"https:\/\/knoll-balers.com\/de\/wp-json\/wp\/v2\/types\/post"}],"author":[{"embeddable":true,"href":"https:\/\/knoll-balers.com\/de\/wp-json\/wp\/v2\/users\/4"}],"replies":[{"embeddable":true,"href":"https:\/\/knoll-balers.com\/de\/wp-json\/wp\/v2\/comments?post=14661"}],"version-history":[{"count":5,"href":"https:\/\/knoll-balers.com\/de\/wp-json\/wp\/v2\/posts\/14661\/revisions"}],"predecessor-version":[{"id":14709,"href":"https:\/\/knoll-balers.com\/de\/wp-json\/wp\/v2\/posts\/14661\/revisions\/14709"}],"wp:featuredmedia":[{"embeddable":true,"href":"https:\/\/knoll-balers.com\/de\/wp-json\/wp\/v2\/media\/14666"}],"wp:attachment":[{"href":"https:\/\/knoll-balers.com\/de\/wp-json\/wp\/v2\/media?parent=14661"}],"wp:term":[{"taxonomy":"category","embeddable":true,"href":"https:\/\/knoll-balers.com\/de\/wp-json\/wp\/v2\/categories?post=14661"},{"taxonomy":"post_tag","embeddable":true,"href":"https:\/\/knoll-balers.com\/de\/wp-json\/wp\/v2\/tags?post=14661"}],"curies":[{"name":"wp","href":"https:\/\/api.w.org\/{rel}","templated":true}]}}