{"id":9491,"date":"2022-03-11T10:45:11","date_gmt":"2022-03-11T10:45:11","guid":{"rendered":"https:\/\/knoll-balers.com\/?p=9491"},"modified":"2022-05-27T08:23:08","modified_gmt":"2022-05-27T08:23:08","slug":"knoll-b-v-stellt-die-knoll-midifix-ii-vor","status":"publish","type":"post","link":"https:\/\/knoll-balers.com\/de\/knoll-b-v-stellt-die-knoll-midifix-ii-vor\/","title":{"rendered":"KNOLL B.V. STELLT DIE KNOLL MIDIFIX II VOR"},"content":{"rendered":"<p>Seit 2008 stellt Knoll B.V. aus Staphorst zusammen mit dem finnischen Unternehmen Agronic Oy Press-Wickel-Kombinationen f\u00fcr Midiballen her. Diese Maschinen werden unter dem Markennamen AGRONIC vertrieben, wobei Knoll B.V. als offizieller Hersteller daf\u00fcr aufgef\u00fchrt ist.<\/p>\n<p>In Absprache mit beiden Parteien wurde beschlossen, den Namen schrittweise in KNOLL zu \u00e4ndern. Die erste Maschine, die daf\u00fcr in Frage kommt, ist ein neu eingef\u00fchrter MidiBaler, der &#8220;Knoll MidiFix II&#8220;.<\/p>\n<p><img fetchpriority=\"high\" decoding=\"async\" src=\"https:\/\/knoll-balers.com\/wp-content\/uploads\/2021\/06\/KNOLL-MidiFix-II-vrijstaand-1024x515.png\" alt=\"\" width=\"800\" height=\"402\" \/><\/p>\n<p><strong><em>Introductie Knoll MidiFix II<\/em><\/strong><\/p>\n<p>Wir stellen vor: Knoll MidiFix II<\/p>\n<p>Der neue MidiFix II ist eine Weiterentwicklung des bestehenden MidiFix, der seit einigen Jahren auf dem Markt ist und sich bereits einen guten Ruf erworben hat. Neben einem neuen Namen und einem neuen Design hat der MidiFix II auch einige wichtige technische \u00c4nderungen erfahren, die zu einem v\u00f6llig neuen Konzept gef\u00fchrt haben.<\/p>\n<p>Hiermit reagiert Knoll B.V. auf die Nachfrage des Marktes, der immer professioneller wird. Der Knoll MidiFix II wurde neu entwickelt und zeichnet sich durch den Einsatz neuer Techniken aus.<\/p>\n<p>Neben der Beibehaltung der bew\u00e4hrten Ballenkammer und der Pick-up verf\u00fcgt die Maschine \u00fcber mehrere neue Funktionen, wie z. B. die hydraulische Aktivierung und Deaktivierung des Schneidwerks und des Fallbodens, die Proportionalhydraulik, die neue CrossControl-Canbus-Steuerung mit 7-Zoll-Touchscreen-Monitor, das neue und schnellere Ballentransportsystem des Wickeltisches und schlie\u00dflich eine neue obere und untere Anh\u00e4ngevorrichtung am Traktor.<\/p>\n<p>Optional kann die Maschine jetzt auch mit einem Folienbindesystem ausgestattet werden. Dies folgt dem Trend, der sich bereits in den letzten Jahren auf dem Markt f\u00fcr gro\u00dfe Rundballen abzeichnete.<\/p>\n<p>Au\u00dferdem wird an einem Wiegesystem und einer Trockenmasse-Messung gearbeitet, die als zuk\u00fcnftige Optionen angeboten werden sollen.<\/p>\n<p>Knoll MultiBaler XL<\/p>\n<p>In naher Zukunft wird auch ein neuer Typ von MultiBaler eingef\u00fchrt werden. Die Knoll MultiBaler XL ist eine gro\u00dfe, professionelle Ballenpressen-\/Wickelkombination, die sowohl station\u00e4r als auch mobil zum Pressen von Mais und allen Arten von geh\u00e4ckselten Produkten wie Gras, Stroh und gemischten Ballen eingesetzt werden kann. Die Maschine kann auch f\u00fcr die Verarbeitung verschiedener Industrieprodukte eingesetzt werden.<\/p>\n<p>Quelle: Trekkerweb.nl<\/p>\n","protected":false},"excerpt":{"rendered":"<p>Der neue MidiFix II ist eine Weiterentwicklung des bestehenden MidiFix, der seit einigen Jahren auf dem Markt ist und sich bereits einen guten Ruf erworben hat. Neben einem neuen Namen und einem neuen Design hat der MidiFix II auch einige wichtige technische \u00c4nderungen erfahren, die zu einem v\u00f6llig neuen Konzept gef\u00fchrt haben.<\/p>\n","protected":false},"author":4,"featured_media":2803,"comment_status":"closed","ping_status":"closed","sticky":false,"template":"","format":"standard","meta":{"footnotes":""},"categories":[2],"tags":[],"class_list":["post-9491","post","type-post","status-publish","format-standard","has-post-thumbnail","hentry","category-unkategorisiert"],"yoast_head":"<!-- This site is optimized with the Yoast SEO plugin v27.5 - https:\/\/yoast.com\/product\/yoast-seo-wordpress\/ -->\n<title>KNOLL B.V. STELLT DIE KNOLL MIDIFIX II VOR - Knoll Balers &amp; Wrappers<\/title>\n<meta name=\"robots\" content=\"index, follow, max-snippet:-1, max-image-preview:large, max-video-preview:-1\" \/>\n<link rel=\"canonical\" href=\"https:\/\/knoll-balers.com\/de\/knoll-b-v-stellt-die-knoll-midifix-ii-vor\/\" \/>\n<meta property=\"og:locale\" content=\"de_DE\" \/>\n<meta property=\"og:type\" content=\"article\" \/>\n<meta property=\"og:title\" content=\"KNOLL B.V. STELLT DIE KNOLL MIDIFIX II VOR - Knoll Balers &amp; Wrappers\" \/>\n<meta property=\"og:description\" content=\"Der neue MidiFix II ist eine Weiterentwicklung des bestehenden MidiFix, der seit einigen Jahren auf dem Markt ist und sich bereits einen guten Ruf erworben hat. Neben einem neuen Namen und einem neuen Design hat der MidiFix II auch einige wichtige technische \u00c4nderungen erfahren, die zu einem v\u00f6llig neuen Konzept gef\u00fchrt haben.\" \/>\n<meta property=\"og:url\" content=\"https:\/\/knoll-balers.com\/de\/knoll-b-v-stellt-die-knoll-midifix-ii-vor\/\" \/>\n<meta property=\"og:site_name\" content=\"Knoll Balers &amp; Wrappers\" \/>\n<meta property=\"article:published_time\" content=\"2022-03-11T10:45:11+00:00\" \/>\n<meta property=\"article:modified_time\" content=\"2022-05-27T08:23:08+00:00\" \/>\n<meta property=\"og:image\" content=\"https:\/\/knoll-balers.com\/wp-content\/uploads\/2021\/08\/Afbeelding-template-midifix-II.jpg\" \/>\n\t<meta property=\"og:image:width\" content=\"1\" \/>\n\t<meta property=\"og:image:height\" content=\"1\" \/>\n\t<meta property=\"og:image:type\" content=\"image\/jpeg\" \/>\n<meta name=\"author\" content=\"Martin Compagner\" \/>\n<meta name=\"twitter:card\" content=\"summary_large_image\" \/>\n<meta name=\"twitter:label1\" content=\"Verfasst von\" \/>\n\t<meta name=\"twitter:data1\" content=\"Martin Compagner\" \/>\n\t<meta name=\"twitter:label2\" content=\"Gesch\u00e4tzte Lesezeit\" \/>\n\t<meta name=\"twitter:data2\" content=\"2\u00a0Minuten\" \/>\n<script type=\"application\/ld+json\" class=\"yoast-schema-graph\">{\"@context\":\"https:\\\/\\\/schema.org\",\"@graph\":[{\"@type\":\"Article\",\"@id\":\"https:\\\/\\\/knoll-balers.com\\\/de\\\/knoll-b-v-stellt-die-knoll-midifix-ii-vor\\\/#article\",\"isPartOf\":{\"@id\":\"https:\\\/\\\/knoll-balers.com\\\/de\\\/knoll-b-v-stellt-die-knoll-midifix-ii-vor\\\/\"},\"author\":{\"name\":\"Martin Compagner\",\"@id\":\"https:\\\/\\\/knoll-balers.com\\\/de\\\/#\\\/schema\\\/person\\\/d1f9aa4f5b5e192be66f2f7ae8e7a035\"},\"headline\":\"KNOLL B.V. STELLT DIE KNOLL MIDIFIX II VOR\",\"datePublished\":\"2022-03-11T10:45:11+00:00\",\"dateModified\":\"2022-05-27T08:23:08+00:00\",\"mainEntityOfPage\":{\"@id\":\"https:\\\/\\\/knoll-balers.com\\\/de\\\/knoll-b-v-stellt-die-knoll-midifix-ii-vor\\\/\"},\"wordCount\":350,\"publisher\":{\"@id\":\"https:\\\/\\\/knoll-balers.com\\\/de\\\/#organization\"},\"image\":{\"@id\":\"https:\\\/\\\/knoll-balers.com\\\/de\\\/knoll-b-v-stellt-die-knoll-midifix-ii-vor\\\/#primaryimage\"},\"thumbnailUrl\":\"https:\\\/\\\/knoll-balers.com\\\/wp-content\\\/uploads\\\/2021\\\/08\\\/Afbeelding-template-midifix-II.jpg\",\"articleSection\":[\"Unkategorisiert\"],\"inLanguage\":\"de\"},{\"@type\":\"WebPage\",\"@id\":\"https:\\\/\\\/knoll-balers.com\\\/de\\\/knoll-b-v-stellt-die-knoll-midifix-ii-vor\\\/\",\"url\":\"https:\\\/\\\/knoll-balers.com\\\/de\\\/knoll-b-v-stellt-die-knoll-midifix-ii-vor\\\/\",\"name\":\"KNOLL B.V. STELLT DIE KNOLL MIDIFIX II VOR - Knoll Balers &amp; Wrappers\",\"isPartOf\":{\"@id\":\"https:\\\/\\\/knoll-balers.com\\\/de\\\/#website\"},\"primaryImageOfPage\":{\"@id\":\"https:\\\/\\\/knoll-balers.com\\\/de\\\/knoll-b-v-stellt-die-knoll-midifix-ii-vor\\\/#primaryimage\"},\"image\":{\"@id\":\"https:\\\/\\\/knoll-balers.com\\\/de\\\/knoll-b-v-stellt-die-knoll-midifix-ii-vor\\\/#primaryimage\"},\"thumbnailUrl\":\"https:\\\/\\\/knoll-balers.com\\\/wp-content\\\/uploads\\\/2021\\\/08\\\/Afbeelding-template-midifix-II.jpg\",\"datePublished\":\"2022-03-11T10:45:11+00:00\",\"dateModified\":\"2022-05-27T08:23:08+00:00\",\"breadcrumb\":{\"@id\":\"https:\\\/\\\/knoll-balers.com\\\/de\\\/knoll-b-v-stellt-die-knoll-midifix-ii-vor\\\/#breadcrumb\"},\"inLanguage\":\"de\",\"potentialAction\":[{\"@type\":\"ReadAction\",\"target\":[\"https:\\\/\\\/knoll-balers.com\\\/de\\\/knoll-b-v-stellt-die-knoll-midifix-ii-vor\\\/\"]}]},{\"@type\":\"ImageObject\",\"inLanguage\":\"de\",\"@id\":\"https:\\\/\\\/knoll-balers.com\\\/de\\\/knoll-b-v-stellt-die-knoll-midifix-ii-vor\\\/#primaryimage\",\"url\":\"https:\\\/\\\/knoll-balers.com\\\/wp-content\\\/uploads\\\/2021\\\/08\\\/Afbeelding-template-midifix-II.jpg\",\"contentUrl\":\"https:\\\/\\\/knoll-balers.com\\\/wp-content\\\/uploads\\\/2021\\\/08\\\/Afbeelding-template-midifix-II.jpg\"},{\"@type\":\"BreadcrumbList\",\"@id\":\"https:\\\/\\\/knoll-balers.com\\\/de\\\/knoll-b-v-stellt-die-knoll-midifix-ii-vor\\\/#breadcrumb\",\"itemListElement\":[{\"@type\":\"ListItem\",\"position\":1,\"name\":\"Home\",\"item\":\"https:\\\/\\\/knoll-balers.com\\\/de\\\/\"},{\"@type\":\"ListItem\",\"position\":2,\"name\":\"KNOLL B.V. STELLT DIE KNOLL MIDIFIX II VOR\"}]},{\"@type\":\"WebSite\",\"@id\":\"https:\\\/\\\/knoll-balers.com\\\/de\\\/#website\",\"url\":\"https:\\\/\\\/knoll-balers.com\\\/de\\\/\",\"name\":\"Knoll Balers &amp; Wrappers\",\"description\":\"We keep you moving forward\",\"publisher\":{\"@id\":\"https:\\\/\\\/knoll-balers.com\\\/de\\\/#organization\"},\"potentialAction\":[{\"@type\":\"SearchAction\",\"target\":{\"@type\":\"EntryPoint\",\"urlTemplate\":\"https:\\\/\\\/knoll-balers.com\\\/de\\\/?s={search_term_string}\"},\"query-input\":{\"@type\":\"PropertyValueSpecification\",\"valueRequired\":true,\"valueName\":\"search_term_string\"}}],\"inLanguage\":\"de\"},{\"@type\":\"Organization\",\"@id\":\"https:\\\/\\\/knoll-balers.com\\\/de\\\/#organization\",\"name\":\"Knoll Balers &amp; Wrappers\",\"url\":\"https:\\\/\\\/knoll-balers.com\\\/de\\\/\",\"logo\":{\"@type\":\"ImageObject\",\"inLanguage\":\"de\",\"@id\":\"https:\\\/\\\/knoll-balers.com\\\/de\\\/#\\\/schema\\\/logo\\\/image\\\/\",\"url\":\"https:\\\/\\\/knoll-balers.com\\\/wp-content\\\/uploads\\\/2021\\\/06\\\/cropped-cropped-Logo-Knoll.png\",\"contentUrl\":\"https:\\\/\\\/knoll-balers.com\\\/wp-content\\\/uploads\\\/2021\\\/06\\\/cropped-cropped-Logo-Knoll.png\",\"width\":1144,\"height\":361,\"caption\":\"Knoll Balers &amp; Wrappers\"},\"image\":{\"@id\":\"https:\\\/\\\/knoll-balers.com\\\/de\\\/#\\\/schema\\\/logo\\\/image\\\/\"}},{\"@type\":\"Person\",\"@id\":\"https:\\\/\\\/knoll-balers.com\\\/de\\\/#\\\/schema\\\/person\\\/d1f9aa4f5b5e192be66f2f7ae8e7a035\",\"name\":\"Martin Compagner\",\"image\":{\"@type\":\"ImageObject\",\"inLanguage\":\"de\",\"@id\":\"https:\\\/\\\/secure.gravatar.com\\\/avatar\\\/ad34520e2c19cb5057e5c210d1dd6f23ee46bdf8d87def4d0b0572367d7c97d7?s=96&d=mm&r=g\",\"url\":\"https:\\\/\\\/secure.gravatar.com\\\/avatar\\\/ad34520e2c19cb5057e5c210d1dd6f23ee46bdf8d87def4d0b0572367d7c97d7?s=96&d=mm&r=g\",\"contentUrl\":\"https:\\\/\\\/secure.gravatar.com\\\/avatar\\\/ad34520e2c19cb5057e5c210d1dd6f23ee46bdf8d87def4d0b0572367d7c97d7?s=96&d=mm&r=g\",\"caption\":\"Martin Compagner\"},\"url\":\"https:\\\/\\\/knoll-balers.com\\\/de\\\/author\\\/martin-compagner\\\/\"}]}<\/script>\n<!-- \/ Yoast SEO plugin. -->","yoast_head_json":{"title":"KNOLL B.V. STELLT DIE KNOLL MIDIFIX II VOR - Knoll Balers &amp; Wrappers","robots":{"index":"index","follow":"follow","max-snippet":"max-snippet:-1","max-image-preview":"max-image-preview:large","max-video-preview":"max-video-preview:-1"},"canonical":"https:\/\/knoll-balers.com\/de\/knoll-b-v-stellt-die-knoll-midifix-ii-vor\/","og_locale":"de_DE","og_type":"article","og_title":"KNOLL B.V. STELLT DIE KNOLL MIDIFIX II VOR - Knoll Balers &amp; Wrappers","og_description":"Der neue MidiFix II ist eine Weiterentwicklung des bestehenden MidiFix, der seit einigen Jahren auf dem Markt ist und sich bereits einen guten Ruf erworben hat. Neben einem neuen Namen und einem neuen Design hat der MidiFix II auch einige wichtige technische \u00c4nderungen erfahren, die zu einem v\u00f6llig neuen Konzept gef\u00fchrt haben.","og_url":"https:\/\/knoll-balers.com\/de\/knoll-b-v-stellt-die-knoll-midifix-ii-vor\/","og_site_name":"Knoll Balers &amp; Wrappers","article_published_time":"2022-03-11T10:45:11+00:00","article_modified_time":"2022-05-27T08:23:08+00:00","og_image":[{"url":"https:\/\/knoll-balers.com\/wp-content\/uploads\/2021\/08\/Afbeelding-template-midifix-II.jpg","width":1,"height":1,"type":"image\/jpeg"}],"author":"Martin Compagner","twitter_card":"summary_large_image","twitter_misc":{"Verfasst von":"Martin Compagner","Gesch\u00e4tzte Lesezeit":"2\u00a0Minuten"},"schema":{"@context":"https:\/\/schema.org","@graph":[{"@type":"Article","@id":"https:\/\/knoll-balers.com\/de\/knoll-b-v-stellt-die-knoll-midifix-ii-vor\/#article","isPartOf":{"@id":"https:\/\/knoll-balers.com\/de\/knoll-b-v-stellt-die-knoll-midifix-ii-vor\/"},"author":{"name":"Martin Compagner","@id":"https:\/\/knoll-balers.com\/de\/#\/schema\/person\/d1f9aa4f5b5e192be66f2f7ae8e7a035"},"headline":"KNOLL B.V. STELLT DIE KNOLL MIDIFIX II VOR","datePublished":"2022-03-11T10:45:11+00:00","dateModified":"2022-05-27T08:23:08+00:00","mainEntityOfPage":{"@id":"https:\/\/knoll-balers.com\/de\/knoll-b-v-stellt-die-knoll-midifix-ii-vor\/"},"wordCount":350,"publisher":{"@id":"https:\/\/knoll-balers.com\/de\/#organization"},"image":{"@id":"https:\/\/knoll-balers.com\/de\/knoll-b-v-stellt-die-knoll-midifix-ii-vor\/#primaryimage"},"thumbnailUrl":"https:\/\/knoll-balers.com\/wp-content\/uploads\/2021\/08\/Afbeelding-template-midifix-II.jpg","articleSection":["Unkategorisiert"],"inLanguage":"de"},{"@type":"WebPage","@id":"https:\/\/knoll-balers.com\/de\/knoll-b-v-stellt-die-knoll-midifix-ii-vor\/","url":"https:\/\/knoll-balers.com\/de\/knoll-b-v-stellt-die-knoll-midifix-ii-vor\/","name":"KNOLL B.V. STELLT DIE KNOLL MIDIFIX II VOR - Knoll Balers &amp; Wrappers","isPartOf":{"@id":"https:\/\/knoll-balers.com\/de\/#website"},"primaryImageOfPage":{"@id":"https:\/\/knoll-balers.com\/de\/knoll-b-v-stellt-die-knoll-midifix-ii-vor\/#primaryimage"},"image":{"@id":"https:\/\/knoll-balers.com\/de\/knoll-b-v-stellt-die-knoll-midifix-ii-vor\/#primaryimage"},"thumbnailUrl":"https:\/\/knoll-balers.com\/wp-content\/uploads\/2021\/08\/Afbeelding-template-midifix-II.jpg","datePublished":"2022-03-11T10:45:11+00:00","dateModified":"2022-05-27T08:23:08+00:00","breadcrumb":{"@id":"https:\/\/knoll-balers.com\/de\/knoll-b-v-stellt-die-knoll-midifix-ii-vor\/#breadcrumb"},"inLanguage":"de","potentialAction":[{"@type":"ReadAction","target":["https:\/\/knoll-balers.com\/de\/knoll-b-v-stellt-die-knoll-midifix-ii-vor\/"]}]},{"@type":"ImageObject","inLanguage":"de","@id":"https:\/\/knoll-balers.com\/de\/knoll-b-v-stellt-die-knoll-midifix-ii-vor\/#primaryimage","url":"https:\/\/knoll-balers.com\/wp-content\/uploads\/2021\/08\/Afbeelding-template-midifix-II.jpg","contentUrl":"https:\/\/knoll-balers.com\/wp-content\/uploads\/2021\/08\/Afbeelding-template-midifix-II.jpg"},{"@type":"BreadcrumbList","@id":"https:\/\/knoll-balers.com\/de\/knoll-b-v-stellt-die-knoll-midifix-ii-vor\/#breadcrumb","itemListElement":[{"@type":"ListItem","position":1,"name":"Home","item":"https:\/\/knoll-balers.com\/de\/"},{"@type":"ListItem","position":2,"name":"KNOLL B.V. STELLT DIE KNOLL MIDIFIX II VOR"}]},{"@type":"WebSite","@id":"https:\/\/knoll-balers.com\/de\/#website","url":"https:\/\/knoll-balers.com\/de\/","name":"Knoll Balers &amp; Wrappers","description":"We keep you moving forward","publisher":{"@id":"https:\/\/knoll-balers.com\/de\/#organization"},"potentialAction":[{"@type":"SearchAction","target":{"@type":"EntryPoint","urlTemplate":"https:\/\/knoll-balers.com\/de\/?s={search_term_string}"},"query-input":{"@type":"PropertyValueSpecification","valueRequired":true,"valueName":"search_term_string"}}],"inLanguage":"de"},{"@type":"Organization","@id":"https:\/\/knoll-balers.com\/de\/#organization","name":"Knoll Balers &amp; Wrappers","url":"https:\/\/knoll-balers.com\/de\/","logo":{"@type":"ImageObject","inLanguage":"de","@id":"https:\/\/knoll-balers.com\/de\/#\/schema\/logo\/image\/","url":"https:\/\/knoll-balers.com\/wp-content\/uploads\/2021\/06\/cropped-cropped-Logo-Knoll.png","contentUrl":"https:\/\/knoll-balers.com\/wp-content\/uploads\/2021\/06\/cropped-cropped-Logo-Knoll.png","width":1144,"height":361,"caption":"Knoll Balers &amp; Wrappers"},"image":{"@id":"https:\/\/knoll-balers.com\/de\/#\/schema\/logo\/image\/"}},{"@type":"Person","@id":"https:\/\/knoll-balers.com\/de\/#\/schema\/person\/d1f9aa4f5b5e192be66f2f7ae8e7a035","name":"Martin Compagner","image":{"@type":"ImageObject","inLanguage":"de","@id":"https:\/\/secure.gravatar.com\/avatar\/ad34520e2c19cb5057e5c210d1dd6f23ee46bdf8d87def4d0b0572367d7c97d7?s=96&d=mm&r=g","url":"https:\/\/secure.gravatar.com\/avatar\/ad34520e2c19cb5057e5c210d1dd6f23ee46bdf8d87def4d0b0572367d7c97d7?s=96&d=mm&r=g","contentUrl":"https:\/\/secure.gravatar.com\/avatar\/ad34520e2c19cb5057e5c210d1dd6f23ee46bdf8d87def4d0b0572367d7c97d7?s=96&d=mm&r=g","caption":"Martin Compagner"},"url":"https:\/\/knoll-balers.com\/de\/author\/martin-compagner\/"}]}},"_links":{"self":[{"href":"https:\/\/knoll-balers.com\/de\/wp-json\/wp\/v2\/posts\/9491","targetHints":{"allow":["GET"]}}],"collection":[{"href":"https:\/\/knoll-balers.com\/de\/wp-json\/wp\/v2\/posts"}],"about":[{"href":"https:\/\/knoll-balers.com\/de\/wp-json\/wp\/v2\/types\/post"}],"author":[{"embeddable":true,"href":"https:\/\/knoll-balers.com\/de\/wp-json\/wp\/v2\/users\/4"}],"replies":[{"embeddable":true,"href":"https:\/\/knoll-balers.com\/de\/wp-json\/wp\/v2\/comments?post=9491"}],"version-history":[{"count":5,"href":"https:\/\/knoll-balers.com\/de\/wp-json\/wp\/v2\/posts\/9491\/revisions"}],"predecessor-version":[{"id":11082,"href":"https:\/\/knoll-balers.com\/de\/wp-json\/wp\/v2\/posts\/9491\/revisions\/11082"}],"wp:featuredmedia":[{"embeddable":true,"href":"https:\/\/knoll-balers.com\/de\/wp-json\/wp\/v2\/media\/2803"}],"wp:attachment":[{"href":"https:\/\/knoll-balers.com\/de\/wp-json\/wp\/v2\/media?parent=9491"}],"wp:term":[{"taxonomy":"category","embeddable":true,"href":"https:\/\/knoll-balers.com\/de\/wp-json\/wp\/v2\/categories?post=9491"},{"taxonomy":"post_tag","embeddable":true,"href":"https:\/\/knoll-balers.com\/de\/wp-json\/wp\/v2\/tags?post=9491"}],"curies":[{"name":"wp","href":"https:\/\/api.w.org\/{rel}","templated":true}]}}